{"id":3907,"date":"2020-07-07T22:15:24","date_gmt":"2020-07-07T19:15:24","guid":{"rendered":"https:\/\/netlab.media\/?p=3907"},"modified":"2024-04-05T12:50:58","modified_gmt":"2024-04-05T09:50:58","slug":"yaslanma-ve-yaslilik-disiplinlerarasi-bakis-acilari-alan-duben","status":"publish","type":"post","link":"https:\/\/netlab.media\/en\/blog\/yaslanma-ve-yaslilik-disiplinlerarasi-bakis-acilari-alan-duben\/","title":{"rendered":"Ya\u015flanma ve Ya\u015fl\u0131l\u0131k: Disiplinleraras\u0131 Bak\u0131\u015f A\u00e7\u0131lar\u0131"},"content":{"rendered":"<p><strong>Derleyen: Alan Duben<\/strong><\/p>\n<p>\u0130stanbul Bilgi \u00dcniversitesi Yay\u0131nlar\u0131. 193 sayfa. ISBN:978-605-399-519-7<\/p>\n<p>\u0130stanbul Bilgi \u00dcniversitesi Sosyoloji B\u00f6l\u00fcm\u00fc\u2019nden Alan Duben\u2019in derleyicili\u011finde 2018\u2019de yay\u0131nlanan \u201cYa\u015flanma Ve Ya\u015fl\u0131l\u0131k: Disiplinleraras\u0131 Bak\u0131\u015f A\u00e7\u0131lar\u0131\u201d ba\u015fl\u0131kl\u0131 kitap, T\u00fcrkiye ve d\u00fcnyadan \u00f6rneklerle ya\u015flanma ve ya\u015fl\u0131l\u0131\u011f\u0131n \u00e7e\u015fitli, de\u011fi\u015fken ve dinamik yap\u0131lar\u0131na dikkat \u00e7ekmektedir. Bu ba\u011flamda kitapta disiplinleraras\u0131 bir bak\u0131\u015f a\u00e7\u0131s\u0131yla n\u00f6rolojiden psikolojiye, sosyolojiden ekonomiye, hukuktan medya \u00e7al\u0131\u015fmalar\u0131na ve yeni teknolojilerden sosyal politikalara kadar ya\u015flanma ve ya\u015fl\u0131l\u0131k ger\u00e7ekli\u011fiyle kesi\u015fen \u00e7al\u0131\u015fmalara yer verilmi\u015ftir.<\/p>\n<p>\u00dc\u00e7 b\u00f6l\u00fcmden olu\u015fan kitab\u0131n \u201cYa\u015flanan Beyinler: Ya\u015fl\u0131l\u0131\u011f\u0131n Biyososyal Boyutlar\u0131\u201dba\u015fl\u0131kl\u0131 ilk k\u0131sm\u0131nda ya\u015fl\u0131l\u0131\u011f\u0131n hastal\u0131k-sa\u011fl\u0131k dualitesi i\u00e7erisinde ele al\u0131nd\u0131\u011f\u0131 makaleler yer almaktad\u0131r. Bu makelelerden G\u00fcl\u00fcst\u00fc Salur\u2019un \u201cYa\u015fl\u0131l\u0131k Ve Bili\u015fsel S\u00fcre\u00e7ler\u201dba\u015fl\u0131kl\u0131 \u00e7al\u0131\u015fmas\u0131 ya\u015fl\u0131l\u0131\u011fa ba\u011fl\u0131 olarak ortaya \u00e7\u0131kan Alzheimer ve demans t\u00fcr\u00fc hastal\u0131klar\u0131n bili\u015fsel olarak nas\u0131l ilerledi\u011fini irdelerken; Re\u015fit Canbeyli\u2019nin \u201cBiyolojik Saat Ve Ya\u015fl\u0131l\u0131k\u201dba\u015fl\u0131kl\u0131 \u00e7al\u0131\u015fmas\u0131 da biyolojik saatin gerilemesiyle ortaya \u00e7\u0131kan de\u011fi\u015fimlerin ya\u015fl\u0131lar\u0131n ya\u015fam kalitesini nas\u0131l etkiledi\u011fini g\u00fcndeme getirmektedir.<\/p>\n<p>Kitab\u0131n \u201cToplumda Ya\u015flanmak: Ya\u015fl\u0131l\u0131\u011f\u0131n Psikolojik Ve Toplumsal Boyutlar\u0131\u201dba\u015fl\u0131kl\u0131 ikinci k\u0131sm\u0131nda ya\u015flanma ve ya\u015fl\u0131l\u0131k deneyimi belirleyen \u00e7evresel, k\u00fclt\u00fcrel, toplumsal ve siyasal fakt\u00f6rlerin tart\u0131\u015f\u0131ld\u0131\u011f\u0131 makaleler yer almaktad\u0131r. Bu do\u011frultuda \u201cYa\u015flanman\u0131n Psikolojisi\u201d ba\u015fl\u0131kl\u0131 makalede Ryan Wise, ba\u015far\u0131l\u0131 bir ya\u015flanma i\u00e7in medeni durum, cinsiyet ve psikolojik fakt\u00f6rlerlerin ne denli \u00f6nemli oldu\u011funun alt\u0131n\u0131 \u00e7izerken; Alan Duben ise ya\u015fl\u0131lara destek ve bak\u0131m hizmeti sa\u011flamada aile ve devletin y\u00fck\u00fcml\u00fcl\u00fcklerin nas\u0131l de\u011fi\u015fti\u011fini \u201cT\u00fcrkiye Ve Avrupa\u2019da N\u00fcfus Ya\u015flanmas\u0131, Aile, Piyasa Ve Devlet\u201dba\u015fl\u0131kl\u0131 makalede ortaya koymaktad\u0131r. Kitab\u0131n ayn\u0131 b\u00f6l\u00fcm\u00fcnde \u201cDers Kitaplar\u0131nda Ya\u015fl\u0131l\u0131k Temsili\u201dba\u015fl\u0131kl\u0131 \u00e7al\u0131\u015fmas\u0131yla Kenan \u00c7ay\u0131r, ders kitaplar\u0131nda ya\u015fl\u0131lar\u0131n homojen ve ba\u011f\u0131ml\u0131 bir grup olarak nas\u0131l yans\u0131t\u0131ld\u0131\u011f\u0131n\u0131 a\u00e7\u0131\u011fa \u00e7\u0131kartmaktad\u0131r. It\u0131r Erhart ve Hande Eslen-Ziya\u2019\u0131n \u201cThe Incredibles (2004), K\u0131\u015f Uykusu (2014) ve Creed (2015)\u201dfilmlerindeki ya\u015fl\u0131 erkek temsillerinden yola \u00e7\u0131karak kaleme ald\u0131klar\u0131 \u201cSinemada Ya\u015fl\u0131l\u0131k Ve Erkeklik\u201dba\u015fl\u0131kl\u0131 \u00e7al\u0131\u015fmada ise kahramanlar\u0131n ya\u015fl\u0131l\u0131\u011f\u0131 a\u015fmak ve gen\u00e7lik g\u00fcnlerindeki erkeklik tan\u0131mlar\u0131na ula\u015fmak amac\u0131yla nas\u0131l bir strateji geli\u015ftirdiklerine odaklan\u0131lmaktad\u0131r. Son olarak \u201cYa\u015fl\u0131 Bireylere \u0130nsan Hak Ve \u00d6zg\u00fcrl\u00fckleri Perspektifinden Bir Bak\u0131\u015f\u201dba\u015fl\u0131kl\u0131 makalede \u0130dil I\u015f\u0131l G\u00fcl ise A\u0130HM\u2019e ta\u015f\u0131nan ya\u015fa dayal\u0131 ayr\u0131mc\u0131l\u0131k ve hak ihlallerinden yola \u00e7\u0131karak ya\u015fl\u0131lar\u0131n kar\u015f\u0131la\u015ft\u0131\u011f\u0131 sorunlar\u0131n hukuksal temellerini irdelemektedir.<\/p>\n<p>Kitab\u0131n \u201cYa\u015fl\u0131lar, Yeni Teknolojiler, Ekonomi ve Sosyal Politika\u201dba\u015fl\u0131kl\u0131 \u00fc\u00e7\u00fcnc\u00fc k\u0131sm\u0131nda ise ya\u015fl\u0131lar\u0131n g\u00fcndelik rutinlerinde ya\u015fam kalitelerini artt\u0131rabilmek, ya\u015famlar\u0131n\u0131 ba\u011f\u0131ms\u0131z ve rahat bir \u015fekilde idame etmelerini sa\u011flayabilmek amac\u0131yla geli\u015ftirilen uygulamalar\u0131n irdelendi\u011fi makaleler yer almaktadr. Bu do\u011frultuda; Seray \u00d6ney Do\u011fanyi\u011fit \u201cYa\u015fl\u0131 Sa\u011fl\u0131\u011f\u0131nda Geronteknolojik \u00dcr\u00fcnlerin Kullan\u0131m\u0131\u201dba\u015fl\u0131kl\u0131 makalede ya\u015fl\u0131 sa\u011fl\u0131\u011f\u0131na destek veren geronteknolojik \u00fcr\u00fcnlerin neler oldu\u011funu ve bunlar\u0131n aktif ya\u015flanmadaki \u00f6nemini tart\u0131\u015fmaktad\u0131r. \u201cT\u00fcrkiye\u2019de N\u00fcfus Ya\u015flanmas\u0131n\u0131n Ekonomik Sonu\u00e7lar\u0131\u201dba\u015fl\u0131kl\u0131 makalede ise Aylin Se\u00e7kin ve Patrick Georges; T\u00fcrkiye\u2019nin de\u011fi\u015fen n\u00fcfus yap\u0131s\u0131n\u0131n gelecekteki emeklilik, sa\u011fl\u0131k ve e\u011fitim harcamalar\u0131n\u0131 nas\u0131l etkileyece\u011fini belirlemektediler. Son olarak sosyal politikalarla ba\u015far\u0131l\u0131 ya\u015flanma aras\u0131ndaki ili\u015fkiyi \u201cSosyal Politika Ve Ya\u015flanma\u201dba\u015fl\u0131kl\u0131 makalede ele alan Volkan Y\u0131lmaz; ya\u015fl\u0131lar\u0131n gelir kayb\u0131, sa\u011fl\u0131k ve bak\u0131m ihtiya\u00e7lar\u0131na ba\u011fl\u0131 olarak olu\u015fan risklerin nas\u0131l kontrol alt\u0131na al\u0131nabilece\u011fini g\u00fcndeme getirmektedir.Ya\u015fl\u0131l\u0131\u011fa ili\u015fkin ayr\u0131mc\u0131l\u0131\u011f\u0131n hala g\u00fcnceloldu\u011fu, ya\u015fl\u0131lar\u0131n homojen bir grup olarak marjinalle\u015ftirildi\u011fi g\u00fcn\u00fcm\u00fczde bu kitapta yer alan \u00e7al\u0131\u015fmalar yak\u0131n gelecekte dramatik bir bi\u00e7imde de\u011fi\u015fecek olan T\u00fcrkiye\u2019nin ya\u015flanma g\u00fcndemine \u0131\u015f\u0131k tutmas\u0131 a\u00e7\u0131s\u0131ndan \u00f6nc\u00fc \u00e7al\u0131\u015fmalardand\u0131r.<\/p>\n<p>Ya\u015fl\u0131l\u0131\u011f\u0131 ve ya\u015flanmay\u0131 a\u015fman\u0131n muhtemel yollar\u0131n\u0131n tart\u0131\u015f\u0131ld\u0131\u011f\u0131 bu kitapta alana y\u00f6nelik genel bir \u00e7er\u00e7eve \u00e7izilmeye \u00e7al\u0131\u015f\u0131lm\u0131\u015ft\u0131r.Dolay\u0131s\u0131ylabu kitaphem akademik hem de sosyal politika ba\u011flam\u0131nda; T\u00fcrkiye\u2019nin ya\u015flanma g\u00fcndemini belirlemede, ya\u015flanma ve ya\u015fl\u0131l\u0131k \u00e7al\u0131\u015fmalar\u0131na y\u00f6n vermede\u00f6nemli bir ba\u015fvuru kayna\u011f\u0131d\u0131r.<\/p>\n<p>Bu kitap tan\u0131t\u0131m yaz\u0131s\u0131 <strong>Pelin Tokatl\u0131<\/strong> taraf\u0131ndan haz\u0131rlanm\u0131\u015ft\u0131r (Hacettepe \u00dcniversitesi \u0130leti\u015fim Bilimleri Y\u00fcksek Lisans program\u0131 \u00f6\u011frencisi, plntktl@gmail.com).<\/p>","protected":false},"excerpt":{"rendered":"<p>Derleyen: Alan Duben \u0130stanbul Bilgi \u00dcniversitesi Yay\u0131nlar\u0131. 193 sayfa. ISBN:978-605-399-519-7 \u0130stanbul Bilgi \u00dcniversitesi Sosyoloji B\u00f6l\u00fcm\u00fc\u2019nden Alan Duben\u2019in derleyicili\u011finde 2018\u2019de yay\u0131nlanan \u201cYa\u015flanma Ve Ya\u015fl\u0131l\u0131k: Disiplinleraras\u0131 Bak\u0131\u015f<span class=\"read_more_area\"><a class=\"read-more\" href=\"https:\/\/netlab.media\/en\/blog\/yaslanma-ve-yaslilik-disiplinlerarasi-bakis-acilari-alan-duben\/\"> Devam\u0131&#8230; <\/a><\/span><\/p>","protected":false},"author":2,"featured_media":4377,"comment_status":"open","ping_status":"open","sticky":false,"template":"","format":"standard","meta":{"footnotes":""},"categories":[181],"tags":[],"_links":{"self":[{"href":"https:\/\/netlab.media\/en\/wp-json\/wp\/v2\/posts\/3907"}],"collection":[{"href":"https:\/\/netlab.media\/en\/wp-json\/wp\/v2\/posts"}],"about":[{"href":"https:\/\/netlab.media\/en\/wp-json\/wp\/v2\/types\/post"}],"author":[{"embeddable":true,"href":"https:\/\/netlab.media\/en\/wp-json\/wp\/v2\/users\/2"}],"replies":[{"embeddable":true,"href":"https:\/\/netlab.media\/en\/wp-json\/wp\/v2\/comments?post=3907"}],"version-history":[{"count":5,"href":"https:\/\/netlab.media\/en\/wp-json\/wp\/v2\/posts\/3907\/revisions"}],"predecessor-version":[{"id":5533,"href":"https:\/\/netlab.media\/en\/wp-json\/wp\/v2\/posts\/3907\/revisions\/5533"}],"wp:featuredmedia":[{"embeddable":true,"href":"https:\/\/netlab.media\/en\/wp-json\/wp\/v2\/media\/4377"}],"wp:attachment":[{"href":"https:\/\/netlab.media\/en\/wp-json\/wp\/v2\/media?parent=3907"}],"wp:term":[{"taxonomy":"category","embeddable":true,"href":"https:\/\/netlab.media\/en\/wp-json\/wp\/v2\/categories?post=3907"},{"taxonomy":"post_tag","embeddable":true,"href":"https:\/\/netlab.media\/en\/wp-json\/wp\/v2\/tags?post=3907"}],"curies":[{"name":"wp","href":"https:\/\/api.w.org\/{rel}","templated":true}]}}